[{"@context":"https:\/\/schema.org\/","@type":"Article","@id":"https:\/\/www.suelo.cz\/budte-i-vy-krasna\/#Article","mainEntityOfPage":"https:\/\/www.suelo.cz\/budte-i-vy-krasna\/","headline":"Bu\u010fte i vy kr\u00e1sn\u00e1","name":"Bu\u010fte i vy kr\u00e1sn\u00e1","description":"Kr\u00e1sn\u00fd podmaniv\u00fd pohled, pln\u00e9 rty, bo\u017esk\u00e1 figur a kr\u00e1sn\u011b hust\u00e9 vlasy-to je ide\u00e1l \u017eensk\u00e9 kr\u00e1sy. Bohu\u017eel, ne ka\u017ed\u00e1 \u017eena m\u00e1 dispozice k tomu, aby takto vypadala. Pokud chcete b\u00fdt p\u0159ekr\u00e1sn\u00e1, tak rozhodn\u011b nev\u00e1hejte a ud\u011blejte pro to co nejv\u00edce. S prodlu\u017eov\u00e1n\u00edm vlas\u016f m\u016f\u017eete z\u00edskat takov\u00fd \u00fa\u010des, po kter\u00e9m jste v\u017edy tou\u017eili a kter\u00fd z\u00e1vid\u00edte ka\u017ed\u00e9 [&hellip;]","datePublished":"2024-12-12","dateModified":"2024-12-12","author":{"@type":"Person","@id":"https:\/\/www.suelo.cz\/author\/#Person","name":"","url":"https:\/\/www.suelo.cz\/author\/","identifier":1,"image":{"@type":"ImageObject","@id":"https:\/\/secure.gravatar.com\/avatar\/cbcb92d2d459f60d1dc08d6e5973c6b0ed1017e8a3b51da0599e03841cfa81e6?s=96&d=mm&r=g","url":"https:\/\/secure.gravatar.com\/avatar\/cbcb92d2d459f60d1dc08d6e5973c6b0ed1017e8a3b51da0599e03841cfa81e6?s=96&d=mm&r=g","height":96,"width":96}},"publisher":{"@type":"Organization","name":"suelo.cz","logo":{"@type":"ImageObject","@id":"\/logo.png","url":"\/logo.png","width":600,"height":60}},"url":"https:\/\/www.suelo.cz\/budte-i-vy-krasna\/","wordCount":174,"articleBody":"Kr\u00e1sn\u00fd podmaniv\u00fd pohled, pln\u00e9 rty, bo\u017esk\u00e1 figur a kr\u00e1sn\u011b hust\u00e9 vlasy-to je ide\u00e1l \u017eensk\u00e9 kr\u00e1sy. Bohu\u017eel, ne ka\u017ed\u00e1 \u017eena m\u00e1 dispozice k tomu, aby takto vypadala. Pokud chcete b\u00fdt p\u0159ekr\u00e1sn\u00e1, tak rozhodn\u011b nev\u00e1hejte a ud\u011blejte pro to co nejv\u00edce. S prodlu\u017eov\u00e1n\u00edm vlas\u016f m\u016f\u017eete z\u00edskat takov\u00fd \u00fa\u010des, po kter\u00e9m jste v\u017edy tou\u017eili a kter\u00fd z\u00e1vid\u00edte ka\u017ed\u00e9 \u017een\u011b. Nemuseli v\u00e1m b\u00fdt nad\u011blen\u00fd kr\u00e1sn\u00e9 a hust\u00e9 pa\u010desy, m\u016f\u017eete k nim p\u0159ij\u00edt i touto metodou. To nekvalitn\u011bj\u0161\u00ed Jsou vyu\u017e\u00edv\u00e1n\u00ed ty nejkvalitn\u011bj\u0161\u00ed a nejmodern\u011bj\u0161\u00ed prost\u0159edky k tomu, abyste byli s v\u00fdsledkem spokojeni. D\u00edky modern\u00edm metod\u00e1m bude v\u00fdsledek na\u0161\u00ed pr\u00e1ce vypadat zkr\u00e1tka precizn\u011b a vy odejdete se salonu opravdu velmi spokojen\u00e1, s p\u0159ekr\u00e1snou h\u0159\u00edvou, kter\u00e1 v\u00e1s naprosto omr\u00e1\u010d\u00ed a kter\u00e1 bude vypadat l\u00e9pe, ne\u017e jste si kdy mysleli.                                                                                                                                                                                                                                                                                                                                                                                        4.5\/5 - (2 votes)        "},{"@context":"https:\/\/schema.org\/","@type":"BreadcrumbList","itemListElement":[{"@type":"ListItem","position":1,"name":"Bu\u010fte i vy kr\u00e1sn\u00e1","item":"https:\/\/www.suelo.cz\/budte-i-vy-krasna\/#breadcrumbitem"}]}]