[{"@context":"https:\/\/schema.org\/","@type":"Article","@id":"https:\/\/www.suelo.cz\/covid-odesel\/#Article","mainEntityOfPage":"https:\/\/www.suelo.cz\/covid-odesel\/","headline":"Covid ode\u0161el?","name":"Covid ode\u0161el?","description":"Pokud se na n\u00e1s denn\u011b val\u00ed tolik informac\u00ed, \u017ee sami nev\u00edme, kter\u00e9 z nich jsou a nejsou pravda, \u010di maj\u00ed jen pravdiv\u00e9 j\u00e1dro, je ne \u010dase si \u0159\u00edct, \u017ee celosv\u011btov\u00e1 pandemie Covid-19 je tady st\u00e1le s n\u00e1mi a nikdo z n\u00e1s se ji nem\u016f\u017ee zaru\u010den\u011b vyhnou, tedy pokud nejste permanentn\u011b doma a s nik\u00fdm se [&hellip;]","datePublished":"2022-02-28","dateModified":"2023-05-19","author":{"@type":"Person","@id":"https:\/\/www.suelo.cz\/author\/#Person","name":"","url":"https:\/\/www.suelo.cz\/author\/","identifier":1,"image":{"@type":"ImageObject","@id":"https:\/\/secure.gravatar.com\/avatar\/cbcb92d2d459f60d1dc08d6e5973c6b0ed1017e8a3b51da0599e03841cfa81e6?s=96&d=mm&r=g","url":"https:\/\/secure.gravatar.com\/avatar\/cbcb92d2d459f60d1dc08d6e5973c6b0ed1017e8a3b51da0599e03841cfa81e6?s=96&d=mm&r=g","height":96,"width":96}},"publisher":{"@type":"Organization","name":"suelo.cz","logo":{"@type":"ImageObject","@id":"\/logo.png","url":"\/logo.png","width":600,"height":60}},"image":{"@type":"ImageObject","@id":"https:\/\/www.suelo.cz\/wp-content\/uploads\/pexels-photo-10878603.jpeg","url":"https:\/\/www.suelo.cz\/wp-content\/uploads\/pexels-photo-10878603.jpeg","height":0,"width":0},"url":"https:\/\/www.suelo.cz\/covid-odesel\/","about":["N\u00e1kupy"],"wordCount":426,"articleBody":"   Pokud se na n\u00e1s denn\u011b val\u00ed tolik informac\u00ed, \u017ee sami nev\u00edme, kter\u00e9 z nich jsou a nejsou pravda, \u010di maj\u00ed jen pravdiv\u00e9 j\u00e1dro, je ne \u010dase si \u0159\u00edct, \u017ee celosv\u011btov\u00e1 pandemie Covid-19 je tady st\u00e1le s n\u00e1mi a nikdo z n\u00e1s se ji nem\u016f\u017ee zaru\u010den\u011b vyhnou, tedy pokud nejste permanentn\u011b doma a s nik\u00fdm se nesetk\u00e1v\u00e1te. Pandemie n\u00e1m toho mnoho dala a mnoho tak\u00e9 vzala, ov\u0161em toho, co n\u00e1m dala nebo alespo\u0148 mohla d\u00e1t je v\u011bt\u0161inou v\u00edc. V\u011bt\u0161ina lid\u00ed ke sv\u00e9 pr\u00e1ci z domova pot\u0159ebovala po\u010d\u00edta\u010de, \u010di jin\u00e1 elektronick\u00e1 za\u0159\u00edzen\u00ed, a tak se s nimi v\u0161ichni museli nau\u010dit, a to i ti, kte\u0159\u00ed se tomu do jist\u00e9 doby \u00fasp\u011b\u0161n\u011b vyh\u00fdbali. Ano, sice jsme velmi \u010dasto nem\u011bli dostatek soci\u00e1ln\u00edch kontakt\u016f, ale i p\u0159esto jsme pandemii v\u0161ichni zvl\u00e1dli. Kdo m\u011bl ale b\u011bhem pandemie a nouzov\u00e9ho stavu hlavn\u00ed slovo? Ano, byla to vl\u00e1da. Sice \u00fapln\u011b jin\u00e1 ne\u017e ta, co m\u00e1me te\u010f, ale nyn\u011bj\u0161\u00ed se tv\u00e1\u0159\u00ed, \u017ee covid skoro neexistuje a sna\u017e\u00ed se ho p\u0159ijmout jako b\u011b\u017enou nemoc, proto\u017ee u\u017e se \u00fadajn\u011b tolik ne\u0161\u00ed\u0159\u00ed. D\u00e1 se to ale s jistotou \u0159\u00edct, \u017ee se covid d\u00e1le ne\u0161\u00ed\u0159\u00ed anebo \u0161\u00ed\u0159i pomaleji? Ne, s jistotou ne a to kv\u016fli tomu, \u017ee testov\u00e1n\u00ed nyn\u00ed prob\u00edh\u00e1 na z\u00e1klad\u011b dobrovolnosti. Chcete m\u00edt ale jistotou, \u017ee Vy covid nem\u00e1te anebo \u017ee ho nem\u00e1 n\u011bkdo z Va\u0161ich bl\u00edzk\u00fdch? M\u00e1me pro V\u00e1s perfektn\u00ed nab\u00eddku, jedn\u00e1 se o bleskov\u00e9 antigenn\u00ed testy ze slin, u kter\u00fdch zn\u00e1me v\u00fdsledek b\u011bhem n\u011bkolika minut. V\u00fdsledek Va\u0161eho testu sice nen\u00ed vl\u00e1dou uzn\u00e1v\u00e1n, ale Vy m\u00e1te jistotu, a to i v p\u0159\u00edpad\u011b, \u017ee jste majitel firmy, \u010di \u0159editel \u0161koly. Nab\u00eddn\u011bte sv\u00fdm student\u016fm, pedagog\u016fm i jin\u00fdm pracovn\u00edk\u016fm a zam\u011bstnanc\u016fm mo\u017enost se v r\u00e1mci Va\u0161\u00ed firmy nebo \u0161koly otestovat. Pokud jste ale ten, kter\u00fd mo\u017enost testov\u00e1n\u00ed ve firm\u011b nem\u00e1 stejn\u011b byste se cht\u011bl otestovat, tak i V\u00e1m doporu\u010dujeme na\u0161e AG testy, p\u0159edev\u0161\u00edm kv\u016fli rychlosti dod\u00e1n\u00ed, ale i kv\u016fli vysok\u00e9 p\u0159esnosti, v\u00edce ne\u017e 93%. A po otestov\u00e1n\u00ed si u\u017e opravdu m\u016f\u017eete b\u00fdt jist\u00ed t\u00edm, \u017ee covid nem\u00e1te.                                                                                                                                                                                                                                                                                                                                                                                          4.5\/5 - (12 votes)        "},{"@context":"https:\/\/schema.org\/","@type":"BreadcrumbList","itemListElement":[{"@type":"ListItem","position":1,"name":"Covid ode\u0161el?","item":"https:\/\/www.suelo.cz\/covid-odesel\/#breadcrumbitem"}]}]