[{"@context":"https:\/\/schema.org\/","@type":"Blog","@id":"https:\/\/www.suelo.cz#Blog","headline":"Suelo","description":"\nKdyby ti, kdo dosud nenav\u0161t\u00edvili n\u00e1\u0161 web, v\u011bd\u011bli, co si t\u00edmto sv\u00fdm ne\u0161\u0165astn\u00fdm rozhodnut\u00edm zp\u016fsobili, mo\u017en\u00e1 by ho\u0159ce litovali a p\u00e1dili k n\u00e1m.","url":"https:\/\/www.suelo.cz","hasPart":[{"@type":"Article","@id":"https:\/\/www.suelo.cz\/padnouci-odev\/","headline":"Padnouc\u00ed od\u011bv","url":"https:\/\/www.suelo.cz\/padnouci-odev\/","datePublished":"2023-01-10","dateModified":"2023-05-19","mainEntityOfPage":"https:\/\/www.suelo.cz\/padnouci-odev\/","author":{"@type":"Person","@id":"https:\/\/www.suelo.cz\/author\/#Person","name":"","url":"https:\/\/www.suelo.cz\/author\/","identifier":1,"image":{"@type":"ImageObject","@id":"https:\/\/secure.gravatar.com\/avatar\/cbcb92d2d459f60d1dc08d6e5973c6b0ed1017e8a3b51da0599e03841cfa81e6?s=96&d=mm&r=g","url":"https:\/\/secure.gravatar.com\/avatar\/cbcb92d2d459f60d1dc08d6e5973c6b0ed1017e8a3b51da0599e03841cfa81e6?s=96&d=mm&r=g","height":96,"width":96}},"publisher":{"@type":"Organization","name":"suelo.cz","logo":{"@type":"ImageObject","@id":"\/logo.png","url":"\/logo.png","width":600,"height":60}},"image":{"@type":"ImageObject","@id":"https:\/\/www.suelo.cz\/wp-content\/uploads\/sewing-machine-gf114e130b_640.png","url":"https:\/\/www.suelo.cz\/wp-content\/uploads\/sewing-machine-gf114e130b_640.png","height":0,"width":0},"wordCount":539,"keywords":null},{"@type":"Article","@id":"https:\/\/www.suelo.cz\/jsou-pujcky-pomoc-nebo-zlo\/","headline":"Jsou p\u016fj\u010dky pomoc nebo zlo?","url":"https:\/\/www.suelo.cz\/jsou-pujcky-pomoc-nebo-zlo\/","datePublished":"2022-12-31","dateModified":"2023-05-19","mainEntityOfPage":"https:\/\/www.suelo.cz\/jsou-pujcky-pomoc-nebo-zlo\/","author":{"@type":"Person","@id":"https:\/\/www.suelo.cz\/author\/#Person","name":"","url":"https:\/\/www.suelo.cz\/author\/","identifier":1,"image":{"@type":"ImageObject","@id":"https:\/\/secure.gravatar.com\/avatar\/cbcb92d2d459f60d1dc08d6e5973c6b0ed1017e8a3b51da0599e03841cfa81e6?s=96&d=mm&r=g","url":"https:\/\/secure.gravatar.com\/avatar\/cbcb92d2d459f60d1dc08d6e5973c6b0ed1017e8a3b51da0599e03841cfa81e6?s=96&d=mm&r=g","height":96,"width":96}},"publisher":{"@type":"Organization","name":"suelo.cz","logo":{"@type":"ImageObject","@id":"\/logo.png","url":"\/logo.png","width":600,"height":60}},"image":{"@type":"ImageObject","@id":"https:\/\/www.suelo.cz\/wp-content\/uploads\/pexels-karolina-grabowska-4968382_1.jpg","url":"https:\/\/www.suelo.cz\/wp-content\/uploads\/pexels-karolina-grabowska-4968382_1.jpg","height":0,"width":0},"wordCount":858,"keywords":null},{"@type":"Article","@id":"https:\/\/www.suelo.cz\/veci-kterym-byste-se-meli-vyvarovat-abyste-neprisli-o-svuj-kolagen\/","headline":"V\u011bci, kter\u00fdm byste se m\u011bli vyvarovat, abyste nep\u0159i\u0161li o sv\u016fj kolagen","url":"https:\/\/www.suelo.cz\/veci-kterym-byste-se-meli-vyvarovat-abyste-neprisli-o-svuj-kolagen\/","datePublished":"2022-12-25","dateModified":"2023-05-19","mainEntityOfPage":"https:\/\/www.suelo.cz\/veci-kterym-byste-se-meli-vyvarovat-abyste-neprisli-o-svuj-kolagen\/","author":{"@type":"Person","@id":"https:\/\/www.suelo.cz\/author\/#Person","name":"","url":"https:\/\/www.suelo.cz\/author\/","identifier":1,"image":{"@type":"ImageObject","@id":"https:\/\/secure.gravatar.com\/avatar\/cbcb92d2d459f60d1dc08d6e5973c6b0ed1017e8a3b51da0599e03841cfa81e6?s=96&d=mm&r=g","url":"https:\/\/secure.gravatar.com\/avatar\/cbcb92d2d459f60d1dc08d6e5973c6b0ed1017e8a3b51da0599e03841cfa81e6?s=96&d=mm&r=g","height":96,"width":96}},"publisher":{"@type":"Organization","name":"suelo.cz","logo":{"@type":"ImageObject","@id":"\/logo.png","url":"\/logo.png","width":600,"height":60}},"image":{"@type":"ImageObject","@id":"https:\/\/www.suelo.cz\/wp-content\/uploads\/pexels-pixabay-301599%20(1).jpg","url":"https:\/\/www.suelo.cz\/wp-content\/uploads\/pexels-pixabay-301599%20(1).jpg","height":0,"width":0},"wordCount":784,"keywords":null},{"@type":"Article","@id":"https:\/\/www.suelo.cz\/mate-v-cem-skladovat-ovoce\/","headline":"M\u00e1te v \u010dem skladovat ovoce","url":"https:\/\/www.suelo.cz\/mate-v-cem-skladovat-ovoce\/","datePublished":"2022-12-02","dateModified":"2023-07-21","mainEntityOfPage":"https:\/\/www.suelo.cz\/mate-v-cem-skladovat-ovoce\/","author":{"@type":"Person","@id":"https:\/\/www.suelo.cz\/author\/#Person","name":"","url":"https:\/\/www.suelo.cz\/author\/","identifier":1,"image":{"@type":"ImageObject","@id":"https:\/\/secure.gravatar.com\/avatar\/cbcb92d2d459f60d1dc08d6e5973c6b0ed1017e8a3b51da0599e03841cfa81e6?s=96&d=mm&r=g","url":"https:\/\/secure.gravatar.com\/avatar\/cbcb92d2d459f60d1dc08d6e5973c6b0ed1017e8a3b51da0599e03841cfa81e6?s=96&d=mm&r=g","height":96,"width":96}},"publisher":{"@type":"Organization","name":"suelo.cz","logo":{"@type":"ImageObject","@id":"\/logo.png","url":"\/logo.png","width":600,"height":60}},"image":{"@type":"ImageObject","@id":"https:\/\/www.suelo.cz\/wp-content\/uploads\/apples-g8044d60d0_640.jpg","url":"https:\/\/www.suelo.cz\/wp-content\/uploads\/apples-g8044d60d0_640.jpg","height":0,"width":0},"wordCount":644,"keywords":null},{"@type":"Article","@id":"https:\/\/www.suelo.cz\/reklamni-textil-to-nejsou-jen-tricka\/","headline":"Reklamn\u00ed textil, to nejsou jen tri\u010dka","url":"https:\/\/www.suelo.cz\/reklamni-textil-to-nejsou-jen-tricka\/","datePublished":"2022-12-01","dateModified":"2023-05-19","mainEntityOfPage":"https:\/\/www.suelo.cz\/reklamni-textil-to-nejsou-jen-tricka\/","author":{"@type":"Person","@id":"https:\/\/www.suelo.cz\/author\/#Person","name":"","url":"https:\/\/www.suelo.cz\/author\/","identifier":1,"image":{"@type":"ImageObject","@id":"https:\/\/secure.gravatar.com\/avatar\/cbcb92d2d459f60d1dc08d6e5973c6b0ed1017e8a3b51da0599e03841cfa81e6?s=96&d=mm&r=g","url":"https:\/\/secure.gravatar.com\/avatar\/cbcb92d2d459f60d1dc08d6e5973c6b0ed1017e8a3b51da0599e03841cfa81e6?s=96&d=mm&r=g","height":96,"width":96}},"publisher":{"@type":"Organization","name":"suelo.cz","logo":{"@type":"ImageObject","@id":"\/logo.png","url":"\/logo.png","width":600,"height":60}},"image":{"@type":"ImageObject","@id":"https:\/\/www.suelo.cz\/wp-content\/uploads\/umbrellas-ga7f84c028_640.jpg","url":"https:\/\/www.suelo.cz\/wp-content\/uploads\/umbrellas-ga7f84c028_640.jpg","height":0,"width":0},"wordCount":661,"keywords":null},{"@type":"Article","@id":"https:\/\/www.suelo.cz\/zajimava-veda\/","headline":"Zaj\u00edmav\u00e1 v\u011bda","url":"https:\/\/www.suelo.cz\/zajimava-veda\/","datePublished":"2022-10-09","dateModified":"2023-05-19","mainEntityOfPage":"https:\/\/www.suelo.cz\/zajimava-veda\/","author":{"@type":"Person","@id":"https:\/\/www.suelo.cz\/author\/#Person","name":"","url":"https:\/\/www.suelo.cz\/author\/","identifier":1,"image":{"@type":"ImageObject","@id":"https:\/\/secure.gravatar.com\/avatar\/cbcb92d2d459f60d1dc08d6e5973c6b0ed1017e8a3b51da0599e03841cfa81e6?s=96&d=mm&r=g","url":"https:\/\/secure.gravatar.com\/avatar\/cbcb92d2d459f60d1dc08d6e5973c6b0ed1017e8a3b51da0599e03841cfa81e6?s=96&d=mm&r=g","height":96,"width":96}},"publisher":{"@type":"Organization","name":"suelo.cz","logo":{"@type":"ImageObject","@id":"\/logo.png","url":"\/logo.png","width":600,"height":60}},"image":{"@type":"ImageObject","@id":"https:\/\/www.suelo.cz\/wp-content\/uploads\/orion-nebula-11107_960_720_1.jpg","url":"https:\/\/www.suelo.cz\/wp-content\/uploads\/orion-nebula-11107_960_720_1.jpg","height":0,"width":0},"wordCount":558,"keywords":null},{"@type":"Article","@id":"https:\/\/www.suelo.cz\/pokud-vam-zamestnavatel-zaplati-vzdelavaci-kurzy-vyuzijte-toho\/","headline":"Pokud v\u00e1m zam\u011bstnavatel zaplat\u00ed vzd\u011bl\u00e1vac\u00ed kurzy, vyu\u017eijte toho","url":"https:\/\/www.suelo.cz\/pokud-vam-zamestnavatel-zaplati-vzdelavaci-kurzy-vyuzijte-toho\/","datePublished":"2022-08-23","dateModified":"2023-05-19","mainEntityOfPage":"https:\/\/www.suelo.cz\/pokud-vam-zamestnavatel-zaplati-vzdelavaci-kurzy-vyuzijte-toho\/","author":{"@type":"Person","@id":"https:\/\/www.suelo.cz\/author\/#Person","name":"","url":"https:\/\/www.suelo.cz\/author\/","identifier":1,"image":{"@type":"ImageObject","@id":"https:\/\/secure.gravatar.com\/avatar\/cbcb92d2d459f60d1dc08d6e5973c6b0ed1017e8a3b51da0599e03841cfa81e6?s=96&d=mm&r=g","url":"https:\/\/secure.gravatar.com\/avatar\/cbcb92d2d459f60d1dc08d6e5973c6b0ed1017e8a3b51da0599e03841cfa81e6?s=96&d=mm&r=g","height":96,"width":96}},"publisher":{"@type":"Organization","name":"suelo.cz","logo":{"@type":"ImageObject","@id":"\/logo.png","url":"\/logo.png","width":600,"height":60}},"image":{"@type":"ImageObject","@id":"https:\/\/www.suelo.cz\/wp-content\/uploads\/mu%C5%BE%C3%ADk.JPG","url":"https:\/\/www.suelo.cz\/wp-content\/uploads\/mu%C5%BE%C3%ADk.JPG","height":0,"width":0},"wordCount":836,"keywords":null},{"@type":"Article","@id":"https:\/\/www.suelo.cz\/znate-vyhody-nebankovnich-spolecnosti\/","headline":"Zn\u00e1te v\u00fdhody nebankovn\u00edch spole\u010dnost\u00ed?","url":"https:\/\/www.suelo.cz\/znate-vyhody-nebankovnich-spolecnosti\/","datePublished":"2022-07-12","dateModified":"2023-05-19","mainEntityOfPage":"https:\/\/www.suelo.cz\/znate-vyhody-nebankovnich-spolecnosti\/","author":{"@type":"Person","@id":"https:\/\/www.suelo.cz\/author\/#Person","name":"","url":"https:\/\/www.suelo.cz\/author\/","identifier":1,"image":{"@type":"ImageObject","@id":"https:\/\/secure.gravatar.com\/avatar\/cbcb92d2d459f60d1dc08d6e5973c6b0ed1017e8a3b51da0599e03841cfa81e6?s=96&d=mm&r=g","url":"https:\/\/secure.gravatar.com\/avatar\/cbcb92d2d459f60d1dc08d6e5973c6b0ed1017e8a3b51da0599e03841cfa81e6?s=96&d=mm&r=g","height":96,"width":96}},"publisher":{"@type":"Organization","name":"suelo.cz","logo":{"@type":"ImageObject","@id":"\/logo.png","url":"\/logo.png","width":600,"height":60}},"image":{"@type":"ImageObject","@id":"https:\/\/www.suelo.cz\/wp-content\/uploads\/rodinn%C3%A9%20finance_10.jpg","url":"https:\/\/www.suelo.cz\/wp-content\/uploads\/rodinn%C3%A9%20finance_10.jpg","height":0,"width":0},"wordCount":662,"keywords":null},{"@type":"Article","@id":"https:\/\/www.suelo.cz\/bazen-v-zahrade-raj-na-zemi\/","headline":"Baz\u00e9n v zahrad\u011b &#8211; r\u00e1j na zemi!","url":"https:\/\/www.suelo.cz\/bazen-v-zahrade-raj-na-zemi\/","datePublished":"2022-07-09","dateModified":"2023-05-19","mainEntityOfPage":"https:\/\/www.suelo.cz\/bazen-v-zahrade-raj-na-zemi\/","author":{"@type":"Person","@id":"https:\/\/www.suelo.cz\/author\/#Person","name":"","url":"https:\/\/www.suelo.cz\/author\/","identifier":1,"image":{"@type":"ImageObject","@id":"https:\/\/secure.gravatar.com\/avatar\/cbcb92d2d459f60d1dc08d6e5973c6b0ed1017e8a3b51da0599e03841cfa81e6?s=96&d=mm&r=g","url":"https:\/\/secure.gravatar.com\/avatar\/cbcb92d2d459f60d1dc08d6e5973c6b0ed1017e8a3b51da0599e03841cfa81e6?s=96&d=mm&r=g","height":96,"width":96}},"publisher":{"@type":"Organization","name":"suelo.cz","logo":{"@type":"ImageObject","@id":"\/logo.png","url":"\/logo.png","width":600,"height":60}},"image":{"@type":"ImageObject","@id":"https:\/\/www.suelo.cz\/wp-content\/uploads\/swimming-pool-gd154892c8_640.jpg","url":"https:\/\/www.suelo.cz\/wp-content\/uploads\/swimming-pool-gd154892c8_640.jpg","height":0,"width":0},"wordCount":829,"keywords":null},{"@type":"Article","@id":"https:\/\/www.suelo.cz\/chrante-sve-auto\/","headline":"Chra\u0148te sv\u00e9 auto","url":"https:\/\/www.suelo.cz\/chrante-sve-auto\/","datePublished":"2022-06-14","dateModified":"2023-12-20","mainEntityOfPage":"https:\/\/www.suelo.cz\/chrante-sve-auto\/","author":{"@type":"Person","@id":"https:\/\/www.suelo.cz\/author\/#Person","name":"","url":"https:\/\/www.suelo.cz\/author\/","identifier":1,"image":{"@type":"ImageObject","@id":"https:\/\/secure.gravatar.com\/avatar\/cbcb92d2d459f60d1dc08d6e5973c6b0ed1017e8a3b51da0599e03841cfa81e6?s=96&d=mm&r=g","url":"https:\/\/secure.gravatar.com\/avatar\/cbcb92d2d459f60d1dc08d6e5973c6b0ed1017e8a3b51da0599e03841cfa81e6?s=96&d=mm&r=g","height":96,"width":96}},"publisher":{"@type":"Organization","name":"suelo.cz","logo":{"@type":"ImageObject","@id":"\/logo.png","url":"\/logo.png","width":600,"height":60}},"image":{"@type":"ImageObject","@id":"https:\/\/www.suelo.cz\/wp-content\/uploads\/bmw-1216469_640.jpg","url":"https:\/\/www.suelo.cz\/wp-content\/uploads\/bmw-1216469_640.jpg","height":0,"width":0},"wordCount":654,"keywords":null}]},{"@context":"https:\/\/schema.org","@type":"WebSite","@id":"https:\/\/www.suelo.cz\/#website","name":"Suelo","url":"https:\/\/www.suelo.cz","potentialAction":{"@type":"SearchAction","target":"https:\/\/www.suelo.cz\/?s={search_term_string}","query-input":"required name=search_term_string"}}]