[{"@context":"https:\/\/schema.org\/","@type":"Blog","@id":"https:\/\/www.suelo.cz#Blog","headline":"Suelo","description":"\nKdyby ti, kdo dosud nenav\u0161t\u00edvili n\u00e1\u0161 web, v\u011bd\u011bli, co si t\u00edmto sv\u00fdm ne\u0161\u0165astn\u00fdm rozhodnut\u00edm zp\u016fsobili, mo\u017en\u00e1 by ho\u0159ce litovali a p\u00e1dili k n\u00e1m.","url":"https:\/\/www.suelo.cz","hasPart":[{"@type":"Article","@id":"https:\/\/www.suelo.cz\/stehovani-s-privesnym-vozikem-a-taznym-zarizenim-u-fordu-mondeo\/","headline":"St\u011bhov\u00e1n\u00ed s p\u0159\u00edv\u011bsn\u00fdm voz\u00edkem a ta\u017en\u00fdm za\u0159\u00edzen\u00edm u Fordu Mondeo","url":"https:\/\/www.suelo.cz\/stehovani-s-privesnym-vozikem-a-taznym-zarizenim-u-fordu-mondeo\/","datePublished":"2021-12-31","dateModified":"2023-05-19","mainEntityOfPage":"https:\/\/www.suelo.cz\/stehovani-s-privesnym-vozikem-a-taznym-zarizenim-u-fordu-mondeo\/","author":{"@type":"Person","@id":"https:\/\/www.suelo.cz\/author\/#Person","name":"","url":"https:\/\/www.suelo.cz\/author\/","identifier":1,"image":{"@type":"ImageObject","@id":"https:\/\/secure.gravatar.com\/avatar\/cbcb92d2d459f60d1dc08d6e5973c6b0ed1017e8a3b51da0599e03841cfa81e6?s=96&d=mm&r=g","url":"https:\/\/secure.gravatar.com\/avatar\/cbcb92d2d459f60d1dc08d6e5973c6b0ed1017e8a3b51da0599e03841cfa81e6?s=96&d=mm&r=g","height":96,"width":96}},"publisher":{"@type":"Organization","name":"suelo.cz","logo":{"@type":"ImageObject","@id":"\/logo.png","url":"\/logo.png","width":600,"height":60}},"image":{"@type":"ImageObject","@id":"https:\/\/www.suelo.cz\/wp-content\/uploads\/trailer-hitch-ge18e41ca2_640.jpg","url":"https:\/\/www.suelo.cz\/wp-content\/uploads\/trailer-hitch-ge18e41ca2_640.jpg","height":0,"width":0},"wordCount":584,"keywords":null},{"@type":"Article","@id":"https:\/\/www.suelo.cz\/kam-vas-to-bude-tahnout-z-ceskych-budejovic\/","headline":"Kam v\u00e1s to bude t\u00e1hnout z \u010cesk\u00fdch Bud\u011bjovic","url":"https:\/\/www.suelo.cz\/kam-vas-to-bude-tahnout-z-ceskych-budejovic\/","datePublished":"2021-12-24","dateModified":"2023-05-19","mainEntityOfPage":"https:\/\/www.suelo.cz\/kam-vas-to-bude-tahnout-z-ceskych-budejovic\/","author":{"@type":"Person","@id":"https:\/\/www.suelo.cz\/author\/#Person","name":"","url":"https:\/\/www.suelo.cz\/author\/","identifier":1,"image":{"@type":"ImageObject","@id":"https:\/\/secure.gravatar.com\/avatar\/cbcb92d2d459f60d1dc08d6e5973c6b0ed1017e8a3b51da0599e03841cfa81e6?s=96&d=mm&r=g","url":"https:\/\/secure.gravatar.com\/avatar\/cbcb92d2d459f60d1dc08d6e5973c6b0ed1017e8a3b51da0599e03841cfa81e6?s=96&d=mm&r=g","height":96,"width":96}},"publisher":{"@type":"Organization","name":"suelo.cz","logo":{"@type":"ImageObject","@id":"\/logo.png","url":"\/logo.png","width":600,"height":60}},"image":{"@type":"ImageObject","@id":"https:\/\/www.suelo.cz\/wp-content\/uploads\/night-g5e5bc7615_640.jpg","url":"https:\/\/www.suelo.cz\/wp-content\/uploads\/night-g5e5bc7615_640.jpg","height":0,"width":0},"wordCount":570,"keywords":null},{"@type":"Article","@id":"https:\/\/www.suelo.cz\/zivot-a-dilo-josefa-skvoreckeho\/","headline":"\u017divot a d\u00edlo Josefa \u0160kvoreck\u00e9ho","url":"https:\/\/www.suelo.cz\/zivot-a-dilo-josefa-skvoreckeho\/","datePublished":"2021-12-24","dateModified":"2023-05-19","mainEntityOfPage":"https:\/\/www.suelo.cz\/zivot-a-dilo-josefa-skvoreckeho\/","author":{"@type":"Person","@id":"https:\/\/www.suelo.cz\/author\/#Person","name":"","url":"https:\/\/www.suelo.cz\/author\/","identifier":1,"image":{"@type":"ImageObject","@id":"https:\/\/secure.gravatar.com\/avatar\/cbcb92d2d459f60d1dc08d6e5973c6b0ed1017e8a3b51da0599e03841cfa81e6?s=96&d=mm&r=g","url":"https:\/\/secure.gravatar.com\/avatar\/cbcb92d2d459f60d1dc08d6e5973c6b0ed1017e8a3b51da0599e03841cfa81e6?s=96&d=mm&r=g","height":96,"width":96}},"publisher":{"@type":"Organization","name":"suelo.cz","logo":{"@type":"ImageObject","@id":"\/logo.png","url":"\/logo.png","width":600,"height":60}},"image":{"@type":"ImageObject","@id":"https:\/\/www.suelo.cz\/wp-content\/uploads\/book-g7d129fd48_640.jpg","url":"https:\/\/www.suelo.cz\/wp-content\/uploads\/book-g7d129fd48_640.jpg","height":0,"width":0},"wordCount":568,"keywords":null},{"@type":"Article","@id":"https:\/\/www.suelo.cz\/televizni-hlasastelky\/","headline":"Televizn\u00ed hlasastelky","url":"https:\/\/www.suelo.cz\/televizni-hlasastelky\/","datePublished":"2021-11-23","dateModified":"2023-05-19","mainEntityOfPage":"https:\/\/www.suelo.cz\/televizni-hlasastelky\/","author":{"@type":"Person","@id":"https:\/\/www.suelo.cz\/author\/#Person","name":"","url":"https:\/\/www.suelo.cz\/author\/","identifier":1,"image":{"@type":"ImageObject","@id":"https:\/\/secure.gravatar.com\/avatar\/cbcb92d2d459f60d1dc08d6e5973c6b0ed1017e8a3b51da0599e03841cfa81e6?s=96&d=mm&r=g","url":"https:\/\/secure.gravatar.com\/avatar\/cbcb92d2d459f60d1dc08d6e5973c6b0ed1017e8a3b51da0599e03841cfa81e6?s=96&d=mm&r=g","height":96,"width":96}},"publisher":{"@type":"Organization","name":"suelo.cz","logo":{"@type":"ImageObject","@id":"\/logo.png","url":"\/logo.png","width":600,"height":60}},"image":{"@type":"ImageObject","@id":"https:\/\/www.suelo.cz\/wp-content\/uploads\/rabbit-g06c6446be_640_1.jpg","url":"https:\/\/www.suelo.cz\/wp-content\/uploads\/rabbit-g06c6446be_640_1.jpg","height":0,"width":0},"wordCount":502,"keywords":null},{"@type":"Article","@id":"https:\/\/www.suelo.cz\/vkusny-a-krasny-selsky-nabytek-ktery-potesi-kazdeho\/","headline":"Vkusn\u00fd a kr\u00e1sn\u00fd selsk\u00fd n\u00e1bytek, kter\u00fd pot\u011b\u0161\u00ed ka\u017ed\u00e9ho.","url":"https:\/\/www.suelo.cz\/vkusny-a-krasny-selsky-nabytek-ktery-potesi-kazdeho\/","datePublished":"2021-11-11","dateModified":"2023-05-19","mainEntityOfPage":"https:\/\/www.suelo.cz\/vkusny-a-krasny-selsky-nabytek-ktery-potesi-kazdeho\/","author":{"@type":"Person","@id":"https:\/\/www.suelo.cz\/author\/#Person","name":"","url":"https:\/\/www.suelo.cz\/author\/","identifier":1,"image":{"@type":"ImageObject","@id":"https:\/\/secure.gravatar.com\/avatar\/cbcb92d2d459f60d1dc08d6e5973c6b0ed1017e8a3b51da0599e03841cfa81e6?s=96&d=mm&r=g","url":"https:\/\/secure.gravatar.com\/avatar\/cbcb92d2d459f60d1dc08d6e5973c6b0ed1017e8a3b51da0599e03841cfa81e6?s=96&d=mm&r=g","height":96,"width":96}},"publisher":{"@type":"Organization","name":"suelo.cz","logo":{"@type":"ImageObject","@id":"\/logo.png","url":"\/logo.png","width":600,"height":60}},"image":{"@type":"ImageObject","@id":"https:\/\/www.suelo.cz\/wp-content\/uploads\/IDO652-1.jpg","url":"https:\/\/www.suelo.cz\/wp-content\/uploads\/IDO652-1.jpg","height":0,"width":0},"wordCount":642,"keywords":null},{"@type":"Article","@id":"https:\/\/www.suelo.cz\/rybarske-pruty-s-navijakem\/","headline":"Ryb\u00e1\u0159sk\u00e9 pruty s navij\u00e1kem","url":"https:\/\/www.suelo.cz\/rybarske-pruty-s-navijakem\/","datePublished":"2021-10-26","dateModified":"2023-05-19","mainEntityOfPage":"https:\/\/www.suelo.cz\/rybarske-pruty-s-navijakem\/","author":{"@type":"Person","@id":"https:\/\/www.suelo.cz\/author\/#Person","name":"","url":"https:\/\/www.suelo.cz\/author\/","identifier":1,"image":{"@type":"ImageObject","@id":"https:\/\/secure.gravatar.com\/avatar\/cbcb92d2d459f60d1dc08d6e5973c6b0ed1017e8a3b51da0599e03841cfa81e6?s=96&d=mm&r=g","url":"https:\/\/secure.gravatar.com\/avatar\/cbcb92d2d459f60d1dc08d6e5973c6b0ed1017e8a3b51da0599e03841cfa81e6?s=96&d=mm&r=g","height":96,"width":96}},"publisher":{"@type":"Organization","name":"suelo.cz","logo":{"@type":"ImageObject","@id":"\/logo.png","url":"\/logo.png","width":600,"height":60}},"image":{"@type":"ImageObject","@id":"https:\/\/www.suelo.cz\/wp-content\/uploads\/forest-gcce2dea9b_640.jpg","url":"https:\/\/www.suelo.cz\/wp-content\/uploads\/forest-gcce2dea9b_640.jpg","height":0,"width":0},"wordCount":593,"keywords":null},{"@type":"Article","@id":"https:\/\/www.suelo.cz\/zalozeni-obchodni-spolecnosti\/","headline":"Zalo\u017een\u00ed obchodn\u00ed spole\u010dnosti","url":"https:\/\/www.suelo.cz\/zalozeni-obchodni-spolecnosti\/","datePublished":"2021-10-13","dateModified":"2023-05-19","mainEntityOfPage":"https:\/\/www.suelo.cz\/zalozeni-obchodni-spolecnosti\/","author":{"@type":"Person","@id":"https:\/\/www.suelo.cz\/author\/#Person","name":"","url":"https:\/\/www.suelo.cz\/author\/","identifier":1,"image":{"@type":"ImageObject","@id":"https:\/\/secure.gravatar.com\/avatar\/cbcb92d2d459f60d1dc08d6e5973c6b0ed1017e8a3b51da0599e03841cfa81e6?s=96&d=mm&r=g","url":"https:\/\/secure.gravatar.com\/avatar\/cbcb92d2d459f60d1dc08d6e5973c6b0ed1017e8a3b51da0599e03841cfa81e6?s=96&d=mm&r=g","height":96,"width":96}},"publisher":{"@type":"Organization","name":"suelo.cz","logo":{"@type":"ImageObject","@id":"\/logo.png","url":"\/logo.png","width":600,"height":60}},"image":{"@type":"ImageObject","@id":"https:\/\/www.suelo.cz\/wp-content\/uploads\/laptop-gcb04ac888_640_1.jpg","url":"https:\/\/www.suelo.cz\/wp-content\/uploads\/laptop-gcb04ac888_640_1.jpg","height":0,"width":0},"wordCount":484,"keywords":null},{"@type":"Article","@id":"https:\/\/www.suelo.cz\/bazenova-chemie\/","headline":"Baz\u00e9nov\u00e1 chemie","url":"https:\/\/www.suelo.cz\/bazenova-chemie\/","datePublished":"2021-10-10","dateModified":"2023-05-19","mainEntityOfPage":"https:\/\/www.suelo.cz\/bazenova-chemie\/","author":{"@type":"Person","@id":"https:\/\/www.suelo.cz\/author\/#Person","name":"","url":"https:\/\/www.suelo.cz\/author\/","identifier":1,"image":{"@type":"ImageObject","@id":"https:\/\/secure.gravatar.com\/avatar\/cbcb92d2d459f60d1dc08d6e5973c6b0ed1017e8a3b51da0599e03841cfa81e6?s=96&d=mm&r=g","url":"https:\/\/secure.gravatar.com\/avatar\/cbcb92d2d459f60d1dc08d6e5973c6b0ed1017e8a3b51da0599e03841cfa81e6?s=96&d=mm&r=g","height":96,"width":96}},"publisher":{"@type":"Organization","name":"suelo.cz","logo":{"@type":"ImageObject","@id":"\/logo.png","url":"\/logo.png","width":600,"height":60}},"image":{"@type":"ImageObject","@id":"https:\/\/www.suelo.cz\/wp-content\/uploads\/waters-g8147484ab_1920.jpg","url":"https:\/\/www.suelo.cz\/wp-content\/uploads\/waters-g8147484ab_1920.jpg","height":0,"width":0},"wordCount":611,"keywords":null},{"@type":"Article","@id":"https:\/\/www.suelo.cz\/na-jaky-muzikal-zajit-v-praze\/","headline":"Na jak\u00fd muzik\u00e1l zaj\u00edt v Praze","url":"https:\/\/www.suelo.cz\/na-jaky-muzikal-zajit-v-praze\/","datePublished":"2021-09-26","dateModified":"2023-05-19","mainEntityOfPage":"https:\/\/www.suelo.cz\/na-jaky-muzikal-zajit-v-praze\/","author":{"@type":"Person","@id":"https:\/\/www.suelo.cz\/author\/#Person","name":"","url":"https:\/\/www.suelo.cz\/author\/","identifier":1,"image":{"@type":"ImageObject","@id":"https:\/\/secure.gravatar.com\/avatar\/cbcb92d2d459f60d1dc08d6e5973c6b0ed1017e8a3b51da0599e03841cfa81e6?s=96&d=mm&r=g","url":"https:\/\/secure.gravatar.com\/avatar\/cbcb92d2d459f60d1dc08d6e5973c6b0ed1017e8a3b51da0599e03841cfa81e6?s=96&d=mm&r=g","height":96,"width":96}},"publisher":{"@type":"Organization","name":"suelo.cz","logo":{"@type":"ImageObject","@id":"\/logo.png","url":"\/logo.png","width":600,"height":60}},"image":{"@type":"ImageObject","@id":"https:\/\/www.suelo.cz\/wp-content\/uploads\/pexels-wendy-wei-1714361_2.jpg","url":"https:\/\/www.suelo.cz\/wp-content\/uploads\/pexels-wendy-wei-1714361_2.jpg","height":0,"width":0},"wordCount":625,"keywords":null},{"@type":"Article","@id":"https:\/\/www.suelo.cz\/jak-se-pomaha-podnikatelum\/","headline":"Jak se pom\u00e1h\u00e1 podnikatel\u016fm","url":"https:\/\/www.suelo.cz\/jak-se-pomaha-podnikatelum\/","datePublished":"2021-09-25","dateModified":"2023-05-19","mainEntityOfPage":"https:\/\/www.suelo.cz\/jak-se-pomaha-podnikatelum\/","author":{"@type":"Person","@id":"https:\/\/www.suelo.cz\/author\/#Person","name":"","url":"https:\/\/www.suelo.cz\/author\/","identifier":1,"image":{"@type":"ImageObject","@id":"https:\/\/secure.gravatar.com\/avatar\/cbcb92d2d459f60d1dc08d6e5973c6b0ed1017e8a3b51da0599e03841cfa81e6?s=96&d=mm&r=g","url":"https:\/\/secure.gravatar.com\/avatar\/cbcb92d2d459f60d1dc08d6e5973c6b0ed1017e8a3b51da0599e03841cfa81e6?s=96&d=mm&r=g","height":96,"width":96}},"publisher":{"@type":"Organization","name":"suelo.cz","logo":{"@type":"ImageObject","@id":"\/logo.png","url":"\/logo.png","width":600,"height":60}},"image":{"@type":"ImageObject","@id":"https:\/\/www.suelo.cz\/wp-content\/uploads\/p%C4%9Bt%20frank%C5%AF_1.jpg","url":"https:\/\/www.suelo.cz\/wp-content\/uploads\/p%C4%9Bt%20frank%C5%AF_1.jpg","height":0,"width":0},"wordCount":799,"keywords":null}]},{"@context":"https:\/\/schema.org","@type":"WebSite","@id":"https:\/\/www.suelo.cz\/#website","name":"Suelo","url":"https:\/\/www.suelo.cz","potentialAction":{"@type":"SearchAction","target":"https:\/\/www.suelo.cz\/?s={search_term_string}","query-input":"required name=search_term_string"}}]