[{"@context":"https:\/\/schema.org\/","@type":"Article","@id":"https:\/\/www.suelo.cz\/poridte-si-do-sveho-podkrovi-nase-drevena-stresni-okna\/#Article","mainEntityOfPage":"https:\/\/www.suelo.cz\/poridte-si-do-sveho-podkrovi-nase-drevena-stresni-okna\/","headline":"Po\u0159i\u010fte si do sv\u00e9ho podkrov\u00ed na\u0161e d\u0159ev\u011bn\u00e1 st\u0159e\u0161n\u00ed okna","name":"Po\u0159i\u010fte si do sv\u00e9ho podkrov\u00ed na\u0161e d\u0159ev\u011bn\u00e1 st\u0159e\u0161n\u00ed okna","description":"\u00a0 St\u0159e\u0161n\u00ed okna \u00a0 Pot\u0159ebujete-li roz\u0161\u00ed\u0159it obytnou plochu v dom\u011b o podkrov\u00ed, nev\u00e1hejte a nav\u0161tivte n\u00e1s. Nab\u00edz\u00edme v\u00e1m vysoce kvalitn\u00ed d\u0159ev\u011bn\u00e1 \u010di plastov\u00e1 st\u0159e\u0161n\u00ed oknaToso. Maj\u00ed v\u00fdborn\u00e9 izola\u010dn\u00ed a vodot\u011bsn\u00e9 vlastnosti a tepelnou izolaci. T\u011b\u0161\u00edme se na va\u0161i n\u00e1v\u0161t\u011bvu, ur\u010dit\u011b v\u00e1s nezklameme. \u00a0 \u00a0 V\u00fdborn\u00e9 izola\u010dn\u00ed, vodot\u011bsn\u00e9 a tepeln\u00e9 vlastnosti \u00a0 St\u0159e\u0161n\u00ed okna d\u0159ev\u011bn\u00e1 i [&hellip;]","datePublished":"2024-11-14","dateModified":"2024-11-14","author":{"@type":"Person","@id":"https:\/\/www.suelo.cz\/author\/#Person","name":"","url":"https:\/\/www.suelo.cz\/author\/","identifier":1,"image":{"@type":"ImageObject","@id":"https:\/\/secure.gravatar.com\/avatar\/cbcb92d2d459f60d1dc08d6e5973c6b0ed1017e8a3b51da0599e03841cfa81e6?s=96&d=mm&r=g","url":"https:\/\/secure.gravatar.com\/avatar\/cbcb92d2d459f60d1dc08d6e5973c6b0ed1017e8a3b51da0599e03841cfa81e6?s=96&d=mm&r=g","height":96,"width":96}},"publisher":{"@type":"Organization","name":"suelo.cz","logo":{"@type":"ImageObject","@id":"\/logo.png","url":"\/logo.png","width":600,"height":60}},"url":"https:\/\/www.suelo.cz\/poridte-si-do-sveho-podkrovi-nase-drevena-stresni-okna\/","wordCount":110,"articleBody":"\t\u00a0\tSt\u0159e\u0161n\u00ed okna \t\u00a0\tPot\u0159ebujete-li roz\u0161\u00ed\u0159it obytnou plochu v dom\u011b o podkrov\u00ed, nev\u00e1hejte a nav\u0161tivte n\u00e1s. Nab\u00edz\u00edme v\u00e1m vysoce kvalitn\u00ed d\u0159ev\u011bn\u00e1 \u010di plastov\u00e1 st\u0159e\u0161n\u00ed oknaToso. Maj\u00ed v\u00fdborn\u00e9 izola\u010dn\u00ed a vodot\u011bsn\u00e9 vlastnosti a tepelnou izolaci. T\u011b\u0161\u00edme se na va\u0161i n\u00e1v\u0161t\u011bvu, ur\u010dit\u011b v\u00e1s nezklameme.\t\u00a0\t\u00a0\tV\u00fdborn\u00e9 izola\u010dn\u00ed, vodot\u011bsn\u00e9 a tepeln\u00e9 vlastnosti\t\u00a0\tSt\u0159e\u0161n\u00ed okna d\u0159ev\u011bn\u00e1 i plastov\u00e1 maj\u00ed skv\u011bl\u00e9 vodot\u011bsn\u00e9 a izola\u010dn\u00ed vlastnoti, maj\u00ed skv\u011blou tepelnou izolaci. Byla vyrobena za dodr\u017eov\u00e1n\u00ed nejnov\u011bt\u0161\u00edch evropsk\u00fdch norem.                                                                                                                                                                                                                                                                                                                                                                                         4.1\/5 - (8 votes)        "},{"@context":"https:\/\/schema.org\/","@type":"BreadcrumbList","itemListElement":[{"@type":"ListItem","position":1,"name":"Po\u0159i\u010fte si do sv\u00e9ho podkrov\u00ed na\u0161e d\u0159ev\u011bn\u00e1 st\u0159e\u0161n\u00ed okna","item":"https:\/\/www.suelo.cz\/poridte-si-do-sveho-podkrovi-nase-drevena-stresni-okna\/#breadcrumbitem"}]}]